{"id":224345,"date":"2025-09-22T09:53:38","date_gmt":"2025-09-22T07:53:38","guid":{"rendered":"https:\/\/www.we-ton.sk\/?p=224345"},"modified":"2025-09-22T12:27:49","modified_gmt":"2025-09-22T10:27:49","slug":"solna-jaskyna-skolka-kosice","status":"publish","type":"post","link":"https:\/\/www.we-ton.sk\/en\/solna-jaskyna-skolka-kosice\/","title":{"rendered":"Salt cave KVP \u2013 Ko\u0161ice"},"content":{"rendered":"<div data-elementor-type=\"wp-post\" data-elementor-id=\"224345\" class=\"elementor elementor-224345\">\n\t\t\t\t<div class=\"elementor-element elementor-element-6abdac86 e-flex e-con-boxed e-con e-parent\" data-id=\"6abdac86\" data-element_type=\"container\" data-e-type=\"container\">\n\t\t\t\t\t<div class=\"e-con-inner\">\n\t\t\t\t<div class=\"elementor-element elementor-element-3c6501e5 elementor-widget elementor-widget-heading\" data-id=\"3c6501e5\" data-element_type=\"widget\" data-e-type=\"widget\" data-widget_type=\"heading.default\">\n\t\t\t\t<div class=\"elementor-widget-container\">\n\t\t\t\t\t<h2 class=\"elementor-heading-title elementor-size-default\">Salt cave KVP \u2013 Ko\u0161ice<\/h2>\t\t\t\t<\/div>\n\t\t\t\t<\/div>\n\t\t\t\t<div class=\"elementor-element elementor-element-297dd71e elementor-widget elementor-widget-text-editor\" data-id=\"297dd71e\" data-element_type=\"widget\" data-e-type=\"widget\" data-widget_type=\"text-editor.default\">\n\t\t\t\t<div class=\"elementor-widget-container\">\n\t\t\t\t\t\t\t\t\t<p>A private nursery and kindergarten have provided a salt cave for the children. The kids can play in the loose salt and watch cartoons. It's made of salt bricks with stalactite decorations and a fountain.<\/p>\t\t\t\t\t\t\t\t<\/div>\n\t\t\t\t<\/div>\n\t\t\t\t<div class=\"elementor-element elementor-element-6a8d7253 elementor-widget elementor-widget-image-gallery\" data-id=\"6a8d7253\" data-element_type=\"widget\" data-e-type=\"widget\" data-widget_type=\"image-gallery.default\">\n\t\t\t\t<div class=\"elementor-widget-container\">\n\t\t\t\t\t\t\t<div class=\"elementor-image-gallery\">\n\t\t\t\n<a data-elementor-open-lightbox=\"yes\" data-elementor-lightbox-slideshow=\"6a8d7253\" data-elementor-lightbox-title=\"kosice kvp solna fontana\" data-e-action-hash=\"#elementor-action%3Aaction%3Dlightbox%26settings%3DeyJpZCI6MjI0MzUzLCJ1cmwiOiJodHRwczpcL1wvd3d3LndlLXRvbi5za1wvd3AtY29udGVudFwvdXBsb2Fkc1wvMjAyNVwvMDlcL2tvc2ljZS1rdnAtc29sbmEtZm9udGFuYS5qcGciLCJzbGlkZXNob3ciOiI2YThkNzI1MyJ9\" href='https:\/\/www.we-ton.sk\/wp-content\/uploads\/2025\/09\/kosice-kvp-solna-fontana.jpg'><img decoding=\"async\" width=\"150\" height=\"150\" src=\"https:\/\/www.we-ton.sk\/wp-content\/uploads\/2025\/09\/kosice-kvp-solna-fontana-150x150.jpg\" class=\"attachment-thumbnail size-thumbnail\" alt=\"kosice kvp solna fontana\" \/><\/a>\n<a data-elementor-open-lightbox=\"yes\" data-elementor-lightbox-slideshow=\"6a8d7253\" data-elementor-lightbox-title=\"kosice kvp solna jaskyna po\" data-e-action-hash=\"#elementor-action%3Aaction%3Dlightbox%26settings%3DeyJpZCI6MjI0MzU0LCJ1cmwiOiJodHRwczpcL1wvd3d3LndlLXRvbi5za1wvd3AtY29udGVudFwvdXBsb2Fkc1wvMjAyNVwvMDlcL2tvc2ljZS1rdnAtc29sbmEtamFza3luYS1wby5qcGciLCJzbGlkZXNob3ciOiI2YThkNzI1MyJ9\" href='https:\/\/www.we-ton.sk\/wp-content\/uploads\/2025\/09\/kosice-kvp-solna-jaskyna-po.jpg'><img decoding=\"async\" width=\"150\" height=\"150\" src=\"https:\/\/www.we-ton.sk\/wp-content\/uploads\/2025\/09\/kosice-kvp-solna-jaskyna-po-150x150.jpg\" class=\"attachment-thumbnail size-thumbnail\" alt=\"kosice kvp solna jaskyna po\" \/><\/a>\n<a data-elementor-open-lightbox=\"yes\" data-elementor-lightbox-slideshow=\"6a8d7253\" data-elementor-lightbox-title=\"kosice kvp solna jaskyna pred\" data-e-action-hash=\"#elementor-action%3Aaction%3Dlightbox%26settings%3DeyJpZCI6MjI0MzU1LCJ1cmwiOiJodHRwczpcL1wvd3d3LndlLXRvbi5za1wvd3AtY29udGVudFwvdXBsb2Fkc1wvMjAyNVwvMDlcL2tvc2ljZS1rdnAtc29sbmEtamFza3luYS1wcmVkLmpwZyIsInNsaWRlc2hvdyI6IjZhOGQ3MjUzIn0%3D\" href='https:\/\/www.we-ton.sk\/wp-content\/uploads\/2025\/09\/kosice-kvp-solna-jaskyna-pred.jpg'><img decoding=\"async\" width=\"150\" height=\"150\" src=\"https:\/\/www.we-ton.sk\/wp-content\/uploads\/2025\/09\/kosice-kvp-solna-jaskyna-pred-150x150.jpg\" class=\"attachment-thumbnail size-thumbnail\" alt=\"kosice kvp solna jaskyna pred\" \/><\/a>\n<a data-elementor-open-lightbox=\"yes\" data-elementor-lightbox-slideshow=\"6a8d7253\" data-elementor-lightbox-title=\"kosice kvp solna jaskyna\" data-e-action-hash=\"#elementor-action%3Aaction%3Dlightbox%26settings%3DeyJpZCI6MjI0MzU2LCJ1cmwiOiJodHRwczpcL1wvd3d3LndlLXRvbi5za1wvd3AtY29udGVudFwvdXBsb2Fkc1wvMjAyNVwvMDlcL2tvc2ljZS1rdnAtc29sbmEtamFza3luYS5qcGciLCJzbGlkZXNob3ciOiI2YThkNzI1MyJ9\" href='https:\/\/www.we-ton.sk\/wp-content\/uploads\/2025\/09\/kosice-kvp-solna-jaskyna.jpg'><img loading=\"lazy\" decoding=\"async\" width=\"150\" height=\"150\" src=\"https:\/\/www.we-ton.sk\/wp-content\/uploads\/2025\/09\/kosice-kvp-solna-jaskyna-150x150.jpg\" class=\"attachment-thumbnail size-thumbnail\" alt=\"kosice kvp solna jaskyna\" \/><\/a>\n<a data-elementor-open-lightbox=\"yes\" data-elementor-lightbox-slideshow=\"6a8d7253\" data-elementor-lightbox-title=\"kosice kvp solna stena\" data-e-action-hash=\"#elementor-action%3Aaction%3Dlightbox%26settings%3DeyJpZCI6MjI0MzU3LCJ1cmwiOiJodHRwczpcL1wvd3d3LndlLXRvbi5za1wvd3AtY29udGVudFwvdXBsb2Fkc1wvMjAyNVwvMDlcL2tvc2ljZS1rdnAtc29sbmEtc3RlbmEuanBnIiwic2xpZGVzaG93IjoiNmE4ZDcyNTMifQ%3D%3D\" href='https:\/\/www.we-ton.sk\/wp-content\/uploads\/2025\/09\/kosice-kvp-solna-stena.jpg'><img loading=\"lazy\" decoding=\"async\" width=\"150\" height=\"150\" src=\"https:\/\/www.we-ton.sk\/wp-content\/uploads\/2025\/09\/kosice-kvp-solna-stena-150x150.jpg\" class=\"attachment-thumbnail size-thumbnail\" alt=\"kosice kvp solna stena\" \/><\/a>\n<a data-elementor-open-lightbox=\"yes\" data-elementor-lightbox-slideshow=\"6a8d7253\" data-elementor-lightbox-title=\"kosice solna jaskyna\" data-e-action-hash=\"#elementor-action%3Aaction%3Dlightbox%26settings%3DeyJpZCI6MjI0MzU4LCJ1cmwiOiJodHRwczpcL1wvd3d3LndlLXRvbi5za1wvd3AtY29udGVudFwvdXBsb2Fkc1wvMjAyNVwvMDlcL2tvc2ljZS1zb2xuYS1qYXNreW5hLmpwZyIsInNsaWRlc2hvdyI6IjZhOGQ3MjUzIn0%3D\" href='https:\/\/www.we-ton.sk\/wp-content\/uploads\/2025\/09\/kosice-solna-jaskyna.jpg'><img loading=\"lazy\" decoding=\"async\" width=\"150\" height=\"150\" src=\"https:\/\/www.we-ton.sk\/wp-content\/uploads\/2025\/09\/kosice-solna-jaskyna-150x150.jpg\" class=\"attachment-thumbnail size-thumbnail\" alt=\"kosice solna jaskyna\" \/><\/a>\n\t\t<\/div>\n\t\t\t\t\t\t<\/div>\n\t\t\t\t<\/div>\n\t\t\t\t\t<\/div>\n\t\t\t\t<\/div>\n\t\t\t\t<\/div>","protected":false},"excerpt":{"rendered":"<p>A private nursery and kindergarten have provided a salt cave for the children. The kids can play in the loose salt and watch cartoons. It's made of salt bricks with stalactite decorations and a fountain.<\/p>","protected":false},"author":3,"featured_media":224402,"comment_status":"closed","ping_status":"closed","sticky":false,"template":"","format":"standard","meta":{"om_disable_all_campaigns":false,"_monsterinsights_skip_tracking":false,"footnotes":""},"categories":[72],"tags":[],"class_list":["post-224345","post","type-post","status-publish","format-standard","has-post-thumbnail","hentry","category-relizacie"],"aioseo_notices":[],"aioseo_head":"\n\t\t<!-- All in One SEO 5.0.1.1 - aioseo.com -->\n\t<meta name=\"description\" content=\"S\u00fakromn\u00e9 jasle a \u0161k\u00f4lka dopriala de\u0165om so\u013en\u00fa jasky\u0148u. Deti sa m\u00f4\u017eu hra\u0165 v sypkej soli a pozera\u0165 pritom rozpr\u00e1vky. Zhotoven\u00e9 zo so\u013en\u00fdch teh\u00e1l s kvap\u013eovou v\u00fdzdobou a font\u00e1nou.\" \/>\n\t<meta name=\"robots\" content=\"max-image-preview:large\" \/>\n\t<meta name=\"author\" content=\"Karol Kintler\"\/>\n\t<link rel=\"canonical\" href=\"https:\/\/www.we-ton.sk\/en\/solna-jaskyna-skolka-kosice\/\" \/>\n\t<meta name=\"generator\" content=\"All in One SEO (AIOSEO) 5.0.1.1\" \/>\n\t\t<meta property=\"og:locale\" content=\"en_GB\" \/>\n\t\t<meta property=\"og:site_name\" content=\"WE-TON Mont\u00e1\u017e soln\u00fdch jask\u00fd\u0148 - Profesion\u00e1lna v\u00fdstavba so\u013en\u00fdch jask\u00fd\u0148\" \/>\n\t\t<meta property=\"og:type\" content=\"article\" \/>\n\t\t<meta property=\"og:title\" content=\"So\u013en\u00e1 jasky\u0148a KVP \u2013 Ko\u0161ice - WE-TON Mont\u00e1\u017e soln\u00fdch jask\u00fd\u0148\" \/>\n\t\t<meta property=\"og:description\" content=\"S\u00fakromn\u00e9 jasle a \u0161k\u00f4lka dopriala de\u0165om so\u013en\u00fa jasky\u0148u. Deti sa m\u00f4\u017eu hra\u0165 v sypkej soli a pozera\u0165 pritom rozpr\u00e1vky. Zhotoven\u00e9 zo so\u013en\u00fdch teh\u00e1l s kvap\u013eovou v\u00fdzdobou a font\u00e1nou.\" \/>\n\t\t<meta property=\"og:url\" content=\"https:\/\/www.we-ton.sk\/en\/solna-jaskyna-skolka-kosice\/\" \/>\n\t\t<meta property=\"og:image\" content=\"https:\/\/www.we-ton.sk\/wp-content\/uploads\/2025\/03\/logo-transparent-e1756120878977.png\" \/>\n\t\t<meta property=\"og:image:secure_url\" content=\"https:\/\/www.we-ton.sk\/wp-content\/uploads\/2025\/03\/logo-transparent-e1756120878977.png\" \/>\n\t\t<meta property=\"og:image:width\" content=\"333\" \/>\n\t\t<meta property=\"og:image:height\" content=\"311\" \/>\n\t\t<meta property=\"article:published_time\" content=\"2025-09-22T07:53:38+00:00\" \/>\n\t\t<meta property=\"article:modified_time\" content=\"2025-09-22T10:27:49+00:00\" \/>\n\t\t<meta property=\"article:publisher\" content=\"https:\/\/www.facebook.com\/people\/Son-Jaskya-WETON\/61569102099082\/\" \/>\n\t\t<meta name=\"twitter:card\" content=\"summary_large_image\" \/>\n\t\t<meta name=\"twitter:title\" content=\"So\u013en\u00e1 jasky\u0148a KVP \u2013 Ko\u0161ice - WE-TON Mont\u00e1\u017e soln\u00fdch jask\u00fd\u0148\" \/>\n\t\t<meta name=\"twitter:description\" content=\"S\u00fakromn\u00e9 jasle a \u0161k\u00f4lka dopriala de\u0165om so\u013en\u00fa jasky\u0148u. Deti sa m\u00f4\u017eu hra\u0165 v sypkej soli a pozera\u0165 pritom rozpr\u00e1vky. Zhotoven\u00e9 zo so\u013en\u00fdch teh\u00e1l s kvap\u013eovou v\u00fdzdobou a font\u00e1nou.\" \/>\n\t\t<meta name=\"twitter:image\" content=\"https:\/\/www.we-ton.sk\/wp-content\/uploads\/2025\/03\/logo-transparent-e1756120878977.png\" \/>\n\t\t<script type=\"application\/ld+json\" class=\"aioseo-schema\">\n\t\t\t{\"@context\":\"https:\\\/\\\/schema.org\",\"@graph\":[{\"@type\":\"BlogPosting\",\"@id\":\"https:\\\/\\\/www.we-ton.sk\\\/en\\\/solna-jaskyna-skolka-kosice\\\/#blogposting\",\"name\":\"So\\u013en\\u00e1 jasky\\u0148a KVP \\u2013 Ko\\u0161ice - WE-TON Mont\\u00e1\\u017e soln\\u00fdch jask\\u00fd\\u0148\",\"headline\":\"So\\u013en\\u00e1 jasky\\u0148a KVP &#8211; Ko\\u0161ice\",\"author\":{\"@id\":\"https:\\\/\\\/www.we-ton.sk\\\/en\\\/author\\\/karolkintler\\\/#author\"},\"publisher\":{\"@id\":\"https:\\\/\\\/www.we-ton.sk\\\/en\\\/#organization\"},\"image\":{\"@type\":\"ImageObject\",\"url\":\"https:\\\/\\\/www.we-ton.sk\\\/wp-content\\\/uploads\\\/2025\\\/09\\\/kosice-kvp-solna-stena-1-e1758529940984.jpg\",\"width\":1250,\"height\":925,\"caption\":\"kosice kvp solna stena\"},\"datePublished\":\"2025-09-22T09:53:38+02:00\",\"dateModified\":\"2025-09-22T12:27:49+02:00\",\"inLanguage\":\"en-GB\",\"mainEntityOfPage\":{\"@id\":\"https:\\\/\\\/www.we-ton.sk\\\/en\\\/solna-jaskyna-skolka-kosice\\\/#webpage\"},\"isPartOf\":{\"@id\":\"https:\\\/\\\/www.we-ton.sk\\\/en\\\/solna-jaskyna-skolka-kosice\\\/#webpage\"},\"articleSection\":\"Realiz\\u00e1cie\"},{\"@type\":\"BreadcrumbList\",\"@id\":\"https:\\\/\\\/www.we-ton.sk\\\/en\\\/solna-jaskyna-skolka-kosice\\\/#breadcrumblist\",\"itemListElement\":[{\"@type\":\"ListItem\",\"@id\":\"https:\\\/\\\/www.we-ton.sk\\\/en#listItem\",\"position\":1,\"name\":\"Home\",\"item\":\"https:\\\/\\\/www.we-ton.sk\\\/en\",\"nextItem\":{\"@type\":\"ListItem\",\"@id\":\"https:\\\/\\\/www.we-ton.sk\\\/en\\\/category\\\/relizacie\\\/#listItem\",\"name\":\"Realiz\\u00e1cie\"}},{\"@type\":\"ListItem\",\"@id\":\"https:\\\/\\\/www.we-ton.sk\\\/en\\\/category\\\/relizacie\\\/#listItem\",\"position\":2,\"name\":\"Realiz\\u00e1cie\",\"item\":\"https:\\\/\\\/www.we-ton.sk\\\/en\\\/category\\\/relizacie\\\/\",\"nextItem\":{\"@type\":\"ListItem\",\"@id\":\"https:\\\/\\\/www.we-ton.sk\\\/en\\\/solna-jaskyna-skolka-kosice\\\/#listItem\",\"name\":\"So\\u013en\\u00e1 jasky\\u0148a KVP &#8211; Ko\\u0161ice\"},\"previousItem\":{\"@type\":\"ListItem\",\"@id\":\"https:\\\/\\\/www.we-ton.sk\\\/en#listItem\",\"name\":\"Home\"}},{\"@type\":\"ListItem\",\"@id\":\"https:\\\/\\\/www.we-ton.sk\\\/en\\\/solna-jaskyna-skolka-kosice\\\/#listItem\",\"position\":3,\"name\":\"So\\u013en\\u00e1 jasky\\u0148a KVP &#8211; Ko\\u0161ice\",\"previousItem\":{\"@type\":\"ListItem\",\"@id\":\"https:\\\/\\\/www.we-ton.sk\\\/en\\\/category\\\/relizacie\\\/#listItem\",\"name\":\"Realiz\\u00e1cie\"}}]},{\"@type\":\"Organization\",\"@id\":\"https:\\\/\\\/www.we-ton.sk\\\/en\\\/#organization\",\"name\":\"WE-TON Mont\\u00e1\\u017e soln\\u00fdch jask\\u00fd\\u0148\",\"description\":\"Profesion\\u00e1lna v\\u00fdstavba so\\u013en\\u00fdch jask\\u00fd\\u0148 Profesion\\u00e1lna mont\\u00e1\\u017e a v\\u00fdstavba so\\u013en\\u00fdch jask\\u00fd\\u0148 a relaxa\\u010dn\\u00fdch priestorov z pravej Himal\\u00e1jskej soli\",\"url\":\"https:\\\/\\\/www.we-ton.sk\\\/en\\\/\",\"telephone\":\"+421911220550\",\"logo\":{\"@type\":\"ImageObject\",\"url\":\"https:\\\/\\\/www.we-ton.sk\\\/wp-content\\\/uploads\\\/2025\\\/03\\\/logo-transparent-e1756120878977.png\",\"@id\":\"https:\\\/\\\/www.we-ton.sk\\\/en\\\/solna-jaskyna-skolka-kosice\\\/#organizationLogo\",\"width\":333,\"height\":311},\"image\":{\"@id\":\"https:\\\/\\\/www.we-ton.sk\\\/en\\\/solna-jaskyna-skolka-kosice\\\/#organizationLogo\"},\"sameAs\":[\"https:\\\/\\\/www.facebook.com\\\/people\\\/Son-Jaskya-WETON\\\/61569102099082\\\/\",\"https:\\\/\\\/www.instagram.com\\\/solnajaskynaweton\\\/\"]},{\"@type\":\"Person\",\"@id\":\"https:\\\/\\\/www.we-ton.sk\\\/en\\\/author\\\/karolkintler\\\/#author\",\"url\":\"https:\\\/\\\/www.we-ton.sk\\\/en\\\/author\\\/karolkintler\\\/\",\"name\":\"Karol Kintler\",\"image\":{\"@type\":\"ImageObject\",\"@id\":\"https:\\\/\\\/www.we-ton.sk\\\/en\\\/solna-jaskyna-skolka-kosice\\\/#authorImage\",\"url\":\"https:\\\/\\\/secure.gravatar.com\\\/avatar\\\/519d6f3830cf607de8d0ed1c2e12af06c361d3fd8747209d23c0d5c1a8ed55b6?s=96&d=mm&r=g\",\"width\":96,\"height\":96,\"caption\":\"Karol Kintler\"}},{\"@type\":\"WebPage\",\"@id\":\"https:\\\/\\\/www.we-ton.sk\\\/en\\\/solna-jaskyna-skolka-kosice\\\/#webpage\",\"url\":\"https:\\\/\\\/www.we-ton.sk\\\/en\\\/solna-jaskyna-skolka-kosice\\\/\",\"name\":\"So\\u013en\\u00e1 jasky\\u0148a KVP \\u2013 Ko\\u0161ice - WE-TON Mont\\u00e1\\u017e soln\\u00fdch jask\\u00fd\\u0148\",\"description\":\"S\\u00fakromn\\u00e9 jasle a \\u0161k\\u00f4lka dopriala de\\u0165om so\\u013en\\u00fa jasky\\u0148u. Deti sa m\\u00f4\\u017eu hra\\u0165 v sypkej soli a pozera\\u0165 pritom rozpr\\u00e1vky. Zhotoven\\u00e9 zo so\\u013en\\u00fdch teh\\u00e1l s kvap\\u013eovou v\\u00fdzdobou a font\\u00e1nou.\",\"inLanguage\":\"en-GB\",\"isPartOf\":{\"@id\":\"https:\\\/\\\/www.we-ton.sk\\\/en\\\/#website\"},\"breadcrumb\":{\"@id\":\"https:\\\/\\\/www.we-ton.sk\\\/en\\\/solna-jaskyna-skolka-kosice\\\/#breadcrumblist\"},\"author\":{\"@id\":\"https:\\\/\\\/www.we-ton.sk\\\/en\\\/author\\\/karolkintler\\\/#author\"},\"creator\":{\"@id\":\"https:\\\/\\\/www.we-ton.sk\\\/en\\\/author\\\/karolkintler\\\/#author\"},\"image\":{\"@type\":\"ImageObject\",\"url\":\"https:\\\/\\\/www.we-ton.sk\\\/wp-content\\\/uploads\\\/2025\\\/09\\\/kosice-kvp-solna-stena-1-e1758529940984.jpg\",\"@id\":\"https:\\\/\\\/www.we-ton.sk\\\/en\\\/solna-jaskyna-skolka-kosice\\\/#mainImage\",\"width\":1250,\"height\":925,\"caption\":\"kosice kvp solna stena\"},\"primaryImageOfPage\":{\"@id\":\"https:\\\/\\\/www.we-ton.sk\\\/en\\\/solna-jaskyna-skolka-kosice\\\/#mainImage\"},\"datePublished\":\"2025-09-22T09:53:38+02:00\",\"dateModified\":\"2025-09-22T12:27:49+02:00\"},{\"@type\":\"WebSite\",\"@id\":\"https:\\\/\\\/www.we-ton.sk\\\/en\\\/#website\",\"url\":\"https:\\\/\\\/www.we-ton.sk\\\/en\\\/\",\"name\":\"WE-TON Mont\\u00e1\\u017e soln\\u00fdch jask\\u00fd\\u0148\",\"description\":\"Profesion\\u00e1lna v\\u00fdstavba so\\u013en\\u00fdch jask\\u00fd\\u0148\",\"inLanguage\":\"en-GB\",\"publisher\":{\"@id\":\"https:\\\/\\\/www.we-ton.sk\\\/en\\\/#organization\"}}]}\n\t\t<\/script>\n\t\t<!-- All in One SEO -->\n\n","aioseo_head_json":{"title":"So\u013en\u00e1 jasky\u0148a KVP \u2013 Ko\u0161ice - WE-TON Mont\u00e1\u017e soln\u00fdch jask\u00fd\u0148","description":"A private nursery and kindergarten have provided a salt cave for the children. The kids can play in the loose salt and watch cartoons. It's made of salt bricks with stalactite decorations and a fountain.","canonical_url":"https:\/\/www.we-ton.sk\/en\/solna-jaskyna-skolka-kosice\/","robots":"max-image-preview:large","keywords":"","webmasterTools":{"miscellaneous":""},"schema":{"@context":"https:\/\/schema.org","@graph":[{"@type":"BlogPosting","@id":"https:\/\/www.we-ton.sk\/en\/solna-jaskyna-skolka-kosice\/#blogposting","name":"So\u013en\u00e1 jasky\u0148a KVP \u2013 Ko\u0161ice - WE-TON Mont\u00e1\u017e soln\u00fdch jask\u00fd\u0148","headline":"So\u013en\u00e1 jasky\u0148a KVP &#8211; Ko\u0161ice","author":{"@id":"https:\/\/www.we-ton.sk\/en\/author\/karolkintler\/#author"},"publisher":{"@id":"https:\/\/www.we-ton.sk\/en\/#organization"},"image":{"@type":"ImageObject","url":"https:\/\/www.we-ton.sk\/wp-content\/uploads\/2025\/09\/kosice-kvp-solna-stena-1-e1758529940984.jpg","width":1250,"height":925,"caption":"kosice kvp solna stena"},"datePublished":"2025-09-22T09:53:38+02:00","dateModified":"2025-09-22T12:27:49+02:00","inLanguage":"en-GB","mainEntityOfPage":{"@id":"https:\/\/www.we-ton.sk\/en\/solna-jaskyna-skolka-kosice\/#webpage"},"isPartOf":{"@id":"https:\/\/www.we-ton.sk\/en\/solna-jaskyna-skolka-kosice\/#webpage"},"articleSection":"Realiz\u00e1cie"},{"@type":"BreadcrumbList","@id":"https:\/\/www.we-ton.sk\/en\/solna-jaskyna-skolka-kosice\/#breadcrumblist","itemListElement":[{"@type":"ListItem","@id":"https:\/\/www.we-ton.sk\/en#listItem","position":1,"name":"Home","item":"https:\/\/www.we-ton.sk\/en","nextItem":{"@type":"ListItem","@id":"https:\/\/www.we-ton.sk\/en\/category\/relizacie\/#listItem","name":"Realiz\u00e1cie"}},{"@type":"ListItem","@id":"https:\/\/www.we-ton.sk\/en\/category\/relizacie\/#listItem","position":2,"name":"Realiz\u00e1cie","item":"https:\/\/www.we-ton.sk\/en\/category\/relizacie\/","nextItem":{"@type":"ListItem","@id":"https:\/\/www.we-ton.sk\/en\/solna-jaskyna-skolka-kosice\/#listItem","name":"So\u013en\u00e1 jasky\u0148a KVP &#8211; Ko\u0161ice"},"previousItem":{"@type":"ListItem","@id":"https:\/\/www.we-ton.sk\/en#listItem","name":"Home"}},{"@type":"ListItem","@id":"https:\/\/www.we-ton.sk\/en\/solna-jaskyna-skolka-kosice\/#listItem","position":3,"name":"So\u013en\u00e1 jasky\u0148a KVP &#8211; Ko\u0161ice","previousItem":{"@type":"ListItem","@id":"https:\/\/www.we-ton.sk\/en\/category\/relizacie\/#listItem","name":"Realiz\u00e1cie"}}]},{"@type":"Organization","@id":"https:\/\/www.we-ton.sk\/en\/#organization","name":"WE-TON Mont\u00e1\u017e soln\u00fdch jask\u00fd\u0148","description":"Profesion\u00e1lna v\u00fdstavba so\u013en\u00fdch jask\u00fd\u0148 Profesion\u00e1lna mont\u00e1\u017e a v\u00fdstavba so\u013en\u00fdch jask\u00fd\u0148 a relaxa\u010dn\u00fdch priestorov z pravej Himal\u00e1jskej soli","url":"https:\/\/www.we-ton.sk\/en\/","telephone":"+421911220550","logo":{"@type":"ImageObject","url":"https:\/\/www.we-ton.sk\/wp-content\/uploads\/2025\/03\/logo-transparent-e1756120878977.png","@id":"https:\/\/www.we-ton.sk\/en\/solna-jaskyna-skolka-kosice\/#organizationLogo","width":333,"height":311},"image":{"@id":"https:\/\/www.we-ton.sk\/en\/solna-jaskyna-skolka-kosice\/#organizationLogo"},"sameAs":["https:\/\/www.facebook.com\/people\/Son-Jaskya-WETON\/61569102099082\/","https:\/\/www.instagram.com\/solnajaskynaweton\/"]},{"@type":"Person","@id":"https:\/\/www.we-ton.sk\/en\/author\/karolkintler\/#author","url":"https:\/\/www.we-ton.sk\/en\/author\/karolkintler\/","name":"Karol Kintler","image":{"@type":"ImageObject","@id":"https:\/\/www.we-ton.sk\/en\/solna-jaskyna-skolka-kosice\/#authorImage","url":"https:\/\/secure.gravatar.com\/avatar\/519d6f3830cf607de8d0ed1c2e12af06c361d3fd8747209d23c0d5c1a8ed55b6?s=96&d=mm&r=g","width":96,"height":96,"caption":"Karol Kintler"}},{"@type":"WebPage","@id":"https:\/\/www.we-ton.sk\/en\/solna-jaskyna-skolka-kosice\/#webpage","url":"https:\/\/www.we-ton.sk\/en\/solna-jaskyna-skolka-kosice\/","name":"So\u013en\u00e1 jasky\u0148a KVP \u2013 Ko\u0161ice - WE-TON Mont\u00e1\u017e soln\u00fdch jask\u00fd\u0148","description":"S\u00fakromn\u00e9 jasle a \u0161k\u00f4lka dopriala de\u0165om so\u013en\u00fa jasky\u0148u. Deti sa m\u00f4\u017eu hra\u0165 v sypkej soli a pozera\u0165 pritom rozpr\u00e1vky. Zhotoven\u00e9 zo so\u013en\u00fdch teh\u00e1l s kvap\u013eovou v\u00fdzdobou a font\u00e1nou.","inLanguage":"en-GB","isPartOf":{"@id":"https:\/\/www.we-ton.sk\/en\/#website"},"breadcrumb":{"@id":"https:\/\/www.we-ton.sk\/en\/solna-jaskyna-skolka-kosice\/#breadcrumblist"},"author":{"@id":"https:\/\/www.we-ton.sk\/en\/author\/karolkintler\/#author"},"creator":{"@id":"https:\/\/www.we-ton.sk\/en\/author\/karolkintler\/#author"},"image":{"@type":"ImageObject","url":"https:\/\/www.we-ton.sk\/wp-content\/uploads\/2025\/09\/kosice-kvp-solna-stena-1-e1758529940984.jpg","@id":"https:\/\/www.we-ton.sk\/en\/solna-jaskyna-skolka-kosice\/#mainImage","width":1250,"height":925,"caption":"kosice kvp solna stena"},"primaryImageOfPage":{"@id":"https:\/\/www.we-ton.sk\/en\/solna-jaskyna-skolka-kosice\/#mainImage"},"datePublished":"2025-09-22T09:53:38+02:00","dateModified":"2025-09-22T12:27:49+02:00"},{"@type":"WebSite","@id":"https:\/\/www.we-ton.sk\/en\/#website","url":"https:\/\/www.we-ton.sk\/en\/","name":"WE-TON Mont\u00e1\u017e soln\u00fdch jask\u00fd\u0148","description":"Profesion\u00e1lna v\u00fdstavba so\u013en\u00fdch jask\u00fd\u0148","inLanguage":"en-GB","publisher":{"@id":"https:\/\/www.we-ton.sk\/en\/#organization"}}]},"og:locale":"en_GB","og:site_name":"WE-TON Mont\u00e1\u017e soln\u00fdch jask\u00fd\u0148 - Profesion\u00e1lna v\u00fdstavba so\u013en\u00fdch jask\u00fd\u0148","og:type":"article","og:title":"So\u013en\u00e1 jasky\u0148a KVP \u2013 Ko\u0161ice - WE-TON Mont\u00e1\u017e soln\u00fdch jask\u00fd\u0148","og:description":"S\u00fakromn\u00e9 jasle a \u0161k\u00f4lka dopriala de\u0165om so\u013en\u00fa jasky\u0148u. Deti sa m\u00f4\u017eu hra\u0165 v sypkej soli a pozera\u0165 pritom rozpr\u00e1vky. Zhotoven\u00e9 zo so\u013en\u00fdch teh\u00e1l s kvap\u013eovou v\u00fdzdobou a font\u00e1nou.","og:url":"https:\/\/www.we-ton.sk\/en\/solna-jaskyna-skolka-kosice\/","og:image":"https:\/\/www.we-ton.sk\/wp-content\/uploads\/2025\/03\/logo-transparent-e1756120878977.png","og:image:secure_url":"https:\/\/www.we-ton.sk\/wp-content\/uploads\/2025\/03\/logo-transparent-e1756120878977.png","og:image:width":333,"og:image:height":311,"article:published_time":"2025-09-22T07:53:38+00:00","article:modified_time":"2025-09-22T10:27:49+00:00","article:publisher":"https:\/\/www.facebook.com\/people\/Son-Jaskya-WETON\/61569102099082\/","twitter:card":"summary_large_image","twitter:title":"So\u013en\u00e1 jasky\u0148a KVP \u2013 Ko\u0161ice - WE-TON Mont\u00e1\u017e soln\u00fdch jask\u00fd\u0148","twitter:description":"S\u00fakromn\u00e9 jasle a \u0161k\u00f4lka dopriala de\u0165om so\u013en\u00fa jasky\u0148u. Deti sa m\u00f4\u017eu hra\u0165 v sypkej soli a pozera\u0165 pritom rozpr\u00e1vky. Zhotoven\u00e9 zo so\u013en\u00fdch teh\u00e1l s kvap\u013eovou v\u00fdzdobou a font\u00e1nou.","twitter:image":"https:\/\/www.we-ton.sk\/wp-content\/uploads\/2025\/03\/logo-transparent-e1756120878977.png"},"aioseo_meta_data":{"post_id":"224345","title":null,"description":null,"keywords":null,"keyphrases":{"focus":{"keyphrase":"solna jaskyna kvp kosice","score":63},"additional":[]},"primary_term":null,"canonical_url":null,"og_title":null,"og_description":null,"og_object_type":"default","og_image_type":"default","og_image_url":null,"og_image_width":null,"og_image_height":null,"og_image_custom_url":null,"og_image_custom_fields":null,"og_video":"","og_custom_url":null,"og_article_section":null,"og_article_tags":null,"twitter_use_og":false,"twitter_card":"default","twitter_image_type":"default","twitter_image_url":null,"twitter_image_custom_url":null,"twitter_image_custom_fields":null,"twitter_title":null,"twitter_description":null,"schema":{"blockGraphs":[],"customGraphs":[],"default":{"data":{"Article":[],"Course":[],"Dataset":[],"FAQPage":[],"Movie":[],"Person":[],"Product":[],"ProductReview":[],"Car":[],"Recipe":[],"Service":[],"SoftwareApplication":[],"WebPage":[]},"graphName":"BlogPosting","isEnabled":true},"graphs":[]},"schema_type":"default","schema_type_options":null,"pillar_content":false,"robots_default":true,"robots_noindex":false,"robots_noarchive":false,"robots_nosnippet":false,"robots_nofollow":false,"robots_noimageindex":false,"robots_noodp":false,"robots_notranslate":false,"robots_max_snippet":"-1","robots_max_videopreview":"-1","robots_max_imagepreview":"large","priority":null,"frequency":"default","local_seo":null,"breadcrumb_settings":null,"limit_modified_date":false,"ai":{"faqs":[],"keyPoints":[],"titles":[],"descriptions":[],"socialPosts":{"email":[],"linkedin":[],"twitter":[],"facebook":[],"instagram":[]}},"created":"2025-09-22 07:53:38","updated":"2026-08-31 12:36:08","seo_analyzer_scan_date":null,"focus_keyword":"solna jaskyna kvp kosice","additional_keywords":null,"truseo_locale":null},"aioseo_breadcrumb":"<div class=\"aioseo-breadcrumbs\"><span class=\"aioseo-breadcrumb\">\n\t\t\t<a href=\"https:\/\/www.we-ton.sk\/en\" title=\"Home\">Home<\/a>\n\t\t<\/span><span class=\"aioseo-breadcrumb-separator\">&raquo;<\/span><span class=\"aioseo-breadcrumb\">\n\t\t\t<a href=\"https:\/\/www.we-ton.sk\/en\/category\/relizacie\/\" title=\"Realiz\u00e1cie\">Realiz\u00e1cie<\/a>\n\t\t<\/span><span class=\"aioseo-breadcrumb-separator\">&raquo;<\/span><span class=\"aioseo-breadcrumb\">\n\t\t\tSo\u013en\u00e1 jasky\u0148a KVP \u2013 Ko\u0161ice\n\t\t<\/span><\/div>","aioseo_breadcrumb_json":[{"label":"Home","link":"https:\/\/www.we-ton.sk\/en"},{"label":"Realiz\u00e1cie","link":"https:\/\/www.we-ton.sk\/en\/category\/relizacie\/"},{"label":"So\u013en\u00e1 jasky\u0148a KVP &#8211; Ko\u0161ice","link":"https:\/\/www.we-ton.sk\/en\/solna-jaskyna-skolka-kosice\/"}],"_links":{"self":[{"href":"https:\/\/www.we-ton.sk\/en\/wp-json\/wp\/v2\/posts\/224345","targetHints":{"allow":["GET"]}}],"collection":[{"href":"https:\/\/www.we-ton.sk\/en\/wp-json\/wp\/v2\/posts"}],"about":[{"href":"https:\/\/www.we-ton.sk\/en\/wp-json\/wp\/v2\/types\/post"}],"author":[{"embeddable":true,"href":"https:\/\/www.we-ton.sk\/en\/wp-json\/wp\/v2\/users\/3"}],"replies":[{"embeddable":true,"href":"https:\/\/www.we-ton.sk\/en\/wp-json\/wp\/v2\/comments?post=224345"}],"version-history":[{"count":11,"href":"https:\/\/www.we-ton.sk\/en\/wp-json\/wp\/v2\/posts\/224345\/revisions"}],"predecessor-version":[{"id":224442,"href":"https:\/\/www.we-ton.sk\/en\/wp-json\/wp\/v2\/posts\/224345\/revisions\/224442"}],"wp:featuredmedia":[{"embeddable":true,"href":"https:\/\/www.we-ton.sk\/en\/wp-json\/wp\/v2\/media\/224402"}],"wp:attachment":[{"href":"https:\/\/www.we-ton.sk\/en\/wp-json\/wp\/v2\/media?parent=224345"}],"wp:term":[{"taxonomy":"category","embeddable":true,"href":"https:\/\/www.we-ton.sk\/en\/wp-json\/wp\/v2\/categories?post=224345"},{"taxonomy":"post_tag","embeddable":true,"href":"https:\/\/www.we-ton.sk\/en\/wp-json\/wp\/v2\/tags?post=224345"}],"curies":[{"name":"wp","href":"https:\/\/api.w.org\/{rel}","templated":true}]}}